{"id":4310,"date":"2024-07-29T08:50:22","date_gmt":"2024-07-29T08:50:22","guid":{"rendered":"https:\/\/zha.pt\/?p=4310"},"modified":"2024-07-29T10:15:13","modified_gmt":"2024-07-29T10:15:13","slug":"laray","status":"publish","type":"post","link":"https:\/\/zha.pt\/index.php\/2024\/07\/29\/laray\/","title":{"rendered":"LARAY!"},"content":{"rendered":"<section class=\"wpb-content-wrapper\"><p>[vc_row][vc_column][vc_column_text]LARAY foi encontro, foi revela\u00e7\u00e3o, foi confirma\u00e7\u00e3o&#8230; foi festa!<br \/>\nE foi muito bonita a festa.<br \/>\nNo final de maio estivemos na resid\u00eancia final de cria\u00e7\u00e3o no Pequeno Audit\u00f3rio e quando pass\u00e1mos para a montagem e ensaios finais e\u00a0<a href=\"https:\/\/www.teatromunicipaldoporto.pt\/pt\/programa\/visoes-uteis-zha-21-laray\/\">apresenta\u00e7\u00f5es nos dias 6 e 7 de junho<\/a> no Grande Audit\u00f3rio do TMP Rivoli, tudo e todos encontraram leg\u00edtimo lugar e sentido. Neste espa\u00e7o, LARAY aconteceu e foi o espet\u00e1culo que desej\u00e1mos, imagin\u00e1mos, sonh\u00e1mos juntos. Uniram-se presen\u00e7as, vontades e inquieta\u00e7\u00f5es, e pelos corpos, vozes e movimentos que atravessam o palco como atravessam mem\u00f3rias e gera\u00e7\u00f5es, a vida aconteceu por v\u00e1rios e inesperados palcos, dentro e fora de portas.<\/p>\n<p>O espet\u00e1culo <a href=\"https:\/\/visoesuteis.pt\/pt\/criacao\/zha-laray\" target=\"_blank\" rel=\"noopener\">ZHA! LARAY<\/a> foi um momento especial, fruto de um longo processo de cocria\u00e7\u00e3o com crian\u00e7as, jovens e adultos \u2013 fam\u00edlias das comunidades ciganas de Contumil, Cerco e Lagarteiro. Para juntar a \u201czha\u201d (\u201cv\u00e1\u201d, \u201cvamos\u201d em roman\u00f4), escolhemos o nome \u201claray\u201d (\u201cvida\u201d, \u201cviver\u201d) para t\u00edtulo desta obra performativa com a qual pretendemos celebra a cultura cigana. Convocamos a presen\u00e7a de pessoas \u201cmaiores\u201d &#8211; av\u00f3s, bisav\u00f3s e tetrav\u00f3s -, que carregam na mem\u00f3ria, pele e cora\u00e7\u00e3o, e entregam aos mais novos, a imensa sabedoria desse viver. Alegria, respeito, fam\u00edlia e liberdade s\u00e3o palavras sempre repetidas, de gera\u00e7\u00e3o em gera\u00e7\u00e3o. Procur\u00e1mos o resgate das ra\u00edzes flamencas para acompanhar o florescimento das \u201ctradi\u00e7\u00f5es modernas\u201d ciganas &#8211; para a constru\u00e7\u00e3o de um presente e um futuro com mais dignidade e maior proximidade intercultural, que possa gerar empatia e reconhecimento da humanidade no outro, atrav\u00e9s da simplicidade e espontaneidade do encontro.<\/p>\n<p>ZHA! acontece porque existe uma rede de projetos sociais e educativos parceiros que garantem rela\u00e7\u00f5es de confian\u00e7a, proximidade e continuidade no territ\u00f3rio e que se aliam ao coletivo art\u00edstico Vis\u00f5es \u00dateis nesta vontade e miss\u00e3o comum de promover um maior empoderamento das pessoas desta minoria \u00e9tnica e a desmistifica\u00e7\u00e3o de cren\u00e7as e preconceitos relacionados com as comunidades ciganas. As dimens\u00f5es sociais e art\u00edsticas entrela\u00e7am for\u00e7as no sentido de potenciar percursos de vida mais justos, inclusivos e participativos, nomeadamente dando lugar de fala e visibilidade para que as pr\u00e1ticas de cria\u00e7\u00e3o art\u00edstica j\u00e1 existentes nas comunidades possam vir a ser justamente (re)conhecidas pela sociedade maiorit\u00e1ria.<\/p>\n<p><b>ficha t\u00e9cnica e art\u00edstica<br \/>\n<\/b>Dire\u00e7\u00e3o art\u00edstica, cenografia e figurinos \/\/ In\u00eas de Carvalho<br \/>\nCoordena\u00e7\u00e3o social \/\/ Andr\u00e9 Sousa<br \/>\nDire\u00e7\u00e3o musical \/\/ Fernanda de C\u00f3rdoba, Jos\u00e9 &#8220;El P\u00e1jaro&#8221; Ausina<br \/>\nDire\u00e7\u00e3o de movimento \/\/ Marta Coutinho<br \/>\nFlamenco \/\/ Francisca Dur\u00e3o<br \/>\nV\u00eddeo \/\/ Vasco Mendes<br \/>\nDesenho de luz \/\/ C\u00e1rin Geada<br \/>\nOpera\u00e7\u00e3o de Som \/\/ F\u00e1bio Ferreira<br \/>\nInterpreta\u00e7\u00e3o \/\/ Fernanda de C\u00f3rdoba, Francisca Dur\u00e3o, Jos\u00e9 \u201cEl P\u00e1jaro\u201d Ausina, Marta Coutinho e artistas das comunidades ciganas do Cerco, Contumil e Lagarteiro: Andr\u00e9, Cl\u00e1udia, Dianinho, Elton, Eltynha, Girisa, Girizinha, Jorginho, Lara Fernandes, Lara Pinheiro, Let\u00edcia, Levi, Lisandra, Patr\u00edcia, Ra\u00edssa, Ruizinho, Santiago, Mara, Ma\u00edsa, Micael, V\u00edtor Hugo, Vitor Huguinho, Z\u00e9 Carlinhos, Z\u00e9 Carlos.<br \/>\nParticipa\u00e7\u00e3o v\u00eddeo \/\/\u00a0Ant\u00f3nio Ribeiro (Beirinho), F\u00e1tima Ribeiro, Filomena Franc\u00eas, Jos\u00e9 Cabreira (Z\u00e9 Vilha\u00e7a), Jos\u00e9 Carlos Prud\u00eancio (Z\u00e9 Carlos), Jos\u00e9 Maria Fernandes (Z\u00e9 Maria), Lic\u00ednia Maia, L\u00facia Fernandes, Ant\u00f3nio Maia (Espanhol), Maria Gl\u00f3ria Miguel (Suani).<br \/>\nMedia\u00e7\u00e3o e apoio educativo e social \/\/ Andr\u00e9 Sousa, Mafalda Mateus, Patr\u00edcia Carvalho e Rosa Vieira<br \/>\nDire\u00e7\u00e3o t\u00e9cnica \/\/ Pedro Correia<br \/>\nProdu\u00e7\u00e3o executiva \/\/ Pedro Monteiro<br \/>\nDesign \/\/ Sara Allen<br \/>\nCoordena\u00e7\u00e3o de produ\u00e7\u00e3o \/\/ Cl\u00e1udia Alfaiate<br \/>\nContabilidade \/\/ Helena Madeira<\/p>\n<p>ZHA!\u00a0\u00e9 um projeto\u00a0PARTIS &amp; Art for Change\u00a0financiado pelas funda\u00e7\u00f5es Calouste Gulbenkian e \u201cla Caixa\u201d.<br \/>\nDire\u00e7\u00e3o art\u00edstica\u00a0In\u00eas de Carvalho, coordena\u00e7\u00e3o social\u00a0Andr\u00e9 Sousa, gest\u00e3o de projeto\u00a0Alice Prata e Cl\u00e1udia Alfaiate, assist\u00eancia de produ\u00e7\u00e3o e gest\u00e3o administrativa\u00a0Helena Madeira. Tem como promotor o Vis\u00f5es \u00dateis e conta com os parceiros: \u00c1GORA, Agrupamentos de Escolas do Cerco do Porto e Ant\u00f3nio Nobre, Alto Comissariado para as Migra\u00e7\u00f5es \/ AIMA, APPC, ARDA Recorders, Equipa de Rua Oriental da Norte Vida, Fios e Desafios, Uni\u00e3o Romani Portuguesa, Funda\u00e7\u00e3o Salesianos, Junta de Freguesia de Campanh\u00e3, REDES CLDS4G e Sinergi@s-E9G\/ARRIMO.<br \/>\nO Vis\u00f5es \u00dateis \u00e9 uma estrutura apoiada pelo\u00a0Minist\u00e9rio da Cultura \/ Dire\u00e7\u00e3o-Geral das Artes.<\/p>\n<p><strong>agradecimentos<br \/>\n<\/strong>Al\u00edpio de Sousa, Ana Rita Lopes, Beatriz Lobo, Filipa Luz, Isabel Rute, Joana Martins, V\u00edtor Marques, In\u00eas Mariete, Associa\u00e7\u00e3o de Moradores da Lomba, Maria In\u00eas e Manuela (Funda\u00e7\u00e3o Lar Evang\u00e9lico Portugu\u00eas), Sofia Can\u00e1rio (Estabelecimento Prisional do Porto).<\/p>\n<p><a href=\"https:\/\/www.teatromunicipaldoporto.pt\/pt\/mergulhar\/5b-5d-em-zha-21-laray-visoes-uteis-2024-2f06-2f04\/\" target=\"_blank\" rel=\"noopener\">&#8220;mergulhar&#8221; em ZHA! LARAY<\/a>\u00a0&#8211; TMP Rivoli<br \/>\n<a href=\"https:\/\/www.publico.pt\/2024\/06\/06\/local\/reportagem\/musica-une-arte-cigana-palco-mostrar-falamos-lingua-2093042\" target=\"_blank\" rel=\"noopener\">&#8220;Quando a m\u00fasica nos une: a arte cigana em palco a mostrar que falamos a mesma l\u00edngua&#8221; <\/a>&#8211; pe\u00e7a jornal\u00edstica\u00a0de Mariana Correia Pinto \/ fotos de Nelson Garrido<br \/>\n<a href=\"https:\/\/www.jn.pt\/1387256003\/desfazer-o-preconceito-contra-ciganos-em-palco-leticia-esta-feliz-e-jorge-vive-um-sonho\/\" target=\"_blank\" rel=\"noopener\">\u00a0&#8220;Desfazer o preconceito contra ciganos em palco: Let\u00edcia est\u00e1 feliz e Jorge vive um sonho&#8221;<\/a>\u00a0&#8211; pe\u00e7a de Maria Fonseca \/ fotos de Artur Machado[\/vc_column_text][\/vc_column][\/vc_row][vc_row][vc_column][vc_gallery interval=&#8221;5&#8243; images=&#8221;4328,4329,4330,4331,4332,4333,4334,4335&#8243; img_size=&#8221;full&#8221; onclick=&#8221;&#8221;][\/vc_column][\/vc_row][vc_row][vc_column][vc_column_text]<\/p>\n<p style=\"text-align: center;\">fotografias: Jos\u00e9 Oct\u00e1vio Peixoto\/TMP<\/p>\n<p>[\/vc_column_text][\/vc_column][\/vc_row]<\/p>\n<\/section>","protected":false},"excerpt":{"rendered":"<p>[vc_row][vc_column][vc_column_text]LARAY foi encontro, foi revela\u00e7\u00e3o, foi confirma\u00e7\u00e3o&#8230; foi festa! E foi muito bonita a festa. No final de maio estivemos na resid\u00eancia final de cria\u00e7\u00e3o&hellip;<\/p>\n","protected":false},"author":1,"featured_media":4311,"comment_status":"open","ping_status":"open","sticky":false,"template":"","format":"standard","meta":{"footnotes":""},"categories":[1],"tags":[],"class_list":["post-4310","post","type-post","status-publish","format-standard","has-post-thumbnail","hentry","category-zha"],"_links":{"self":[{"href":"https:\/\/zha.pt\/index.php\/wp-json\/wp\/v2\/posts\/4310","targetHints":{"allow":["GET"]}}],"collection":[{"href":"https:\/\/zha.pt\/index.php\/wp-json\/wp\/v2\/posts"}],"about":[{"href":"https:\/\/zha.pt\/index.php\/wp-json\/wp\/v2\/types\/post"}],"author":[{"embeddable":true,"href":"https:\/\/zha.pt\/index.php\/wp-json\/wp\/v2\/users\/1"}],"replies":[{"embeddable":true,"href":"https:\/\/zha.pt\/index.php\/wp-json\/wp\/v2\/comments?post=4310"}],"version-history":[{"count":6,"href":"https:\/\/zha.pt\/index.php\/wp-json\/wp\/v2\/posts\/4310\/revisions"}],"predecessor-version":[{"id":4315,"href":"https:\/\/zha.pt\/index.php\/wp-json\/wp\/v2\/posts\/4310\/revisions\/4315"}],"wp:featuredmedia":[{"embeddable":true,"href":"https:\/\/zha.pt\/index.php\/wp-json\/wp\/v2\/media\/4311"}],"wp:attachment":[{"href":"https:\/\/zha.pt\/index.php\/wp-json\/wp\/v2\/media?parent=4310"}],"wp:term":[{"taxonomy":"category","embeddable":true,"href":"https:\/\/zha.pt\/index.php\/wp-json\/wp\/v2\/categories?post=4310"},{"taxonomy":"post_tag","embeddable":true,"href":"https:\/\/zha.pt\/index.php\/wp-json\/wp\/v2\/tags?post=4310"}],"curies":[{"name":"wp","href":"https:\/\/api.w.org\/{rel}","templated":true}]}}