{"id":4229,"date":"2024-05-22T13:10:23","date_gmt":"2024-05-22T13:10:23","guid":{"rendered":"https:\/\/zha.pt\/?p=4229"},"modified":"2024-05-22T13:10:23","modified_gmt":"2024-05-22T13:10:23","slug":"oficina-de-comunicacao","status":"publish","type":"post","link":"https:\/\/zha.pt\/index.php\/2024\/05\/22\/oficina-de-comunicacao\/","title":{"rendered":"Oficina de Comunica\u00e7\u00e3o"},"content":{"rendered":"<section class=\"wpb-content-wrapper\"><p>[vc_row][vc_column][vc_column_text]A <b>Oficina de Comunica\u00e7\u00e3o <\/b>foi a \u00faltima oficina do projeto <b>ZHA!<\/b>, concluindo assim este ciclo formativo.<br \/>\nEntre mar\u00e7o e abril decorreu em Contumil (com o apoio da Equipa de Rua Oriental da Nortevida), e no Cerco (com o apoio da Uni\u00e3o Romani) a Oficina de Comunica\u00e7\u00e3o ZHA! com orienta\u00e7\u00e3o de\u00a0Vanessa Ribeiro Rodrigues,\u00a0jornalista, realizadora, investigadora e consultora em comunica\u00e7\u00e3o. Junto de crian\u00e7as, jovens e adultos participantes do projeto ZHA!\u00a0abordou os principais mecanismos necess\u00e1rios \u00e0 promo\u00e7\u00e3o dos primeiros objetos art\u00edsticos produzidos e o impacto\u00a0que os processos de cocria\u00e7\u00e3o geraram nas suas vidas. Olhando em volta e recorrendo \u00e0s suas figuras de refer\u00eancia, as crian\u00e7as testaram formatos de comunica\u00e7\u00e3o como a biografia e entrevista &#8211; aprenderam a conhecer a sua voz, a sua\u00a0respira\u00e7\u00e3o, e\u00a0entrevistaram os seus av\u00f3s,\u00a0procurando fazer as perguntas que sentiram urgentes, assim trazendo para o seu lugar de fala os temas que sentem que (ainda) n\u00e3o t\u00eam voz.<br \/>\nAp\u00f3s uma aula aberta no dia 4 de abril, a Oficina de Comunica\u00e7\u00e3o culminou com uma apresenta\u00e7\u00e3o p\u00fablica\u00a0no Batalha Centro de Cinema tomando\u00a0o formato de <a href=\"https:\/\/www.batalhacentrodecinema.pt\/en\/programmes\/listening-party-zha\/\" target=\"_blank\" rel=\"noopener\"><u>Listening Party<\/u><\/a>\u00a0no dia 8 de abril &#8211; Dia Internacional da Pessoa Cigana para o lan\u00e7amento do \u00e1lbum <b>\u00c9 a nossa vez!,<\/b> com\u00a08 temas originais e 3 videoclipes.[\/vc_column_text][\/vc_column][\/vc_row]<\/p>\n<\/section>","protected":false},"excerpt":{"rendered":"<p>[vc_row][vc_column][vc_column_text]A Oficina de Comunica\u00e7\u00e3o foi a \u00faltima oficina do projeto ZHA!, concluindo assim este ciclo formativo. Entre mar\u00e7o e abril decorreu em Contumil (com o&hellip;<\/p>\n","protected":false},"author":1,"featured_media":4202,"comment_status":"open","ping_status":"open","sticky":false,"template":"","format":"standard","meta":{"footnotes":""},"categories":[1],"tags":[],"class_list":["post-4229","post","type-post","status-publish","format-standard","has-post-thumbnail","hentry","category-zha"],"_links":{"self":[{"href":"https:\/\/zha.pt\/index.php\/wp-json\/wp\/v2\/posts\/4229","targetHints":{"allow":["GET"]}}],"collection":[{"href":"https:\/\/zha.pt\/index.php\/wp-json\/wp\/v2\/posts"}],"about":[{"href":"https:\/\/zha.pt\/index.php\/wp-json\/wp\/v2\/types\/post"}],"author":[{"embeddable":true,"href":"https:\/\/zha.pt\/index.php\/wp-json\/wp\/v2\/users\/1"}],"replies":[{"embeddable":true,"href":"https:\/\/zha.pt\/index.php\/wp-json\/wp\/v2\/comments?post=4229"}],"version-history":[{"count":1,"href":"https:\/\/zha.pt\/index.php\/wp-json\/wp\/v2\/posts\/4229\/revisions"}],"predecessor-version":[{"id":4230,"href":"https:\/\/zha.pt\/index.php\/wp-json\/wp\/v2\/posts\/4229\/revisions\/4230"}],"wp:featuredmedia":[{"embeddable":true,"href":"https:\/\/zha.pt\/index.php\/wp-json\/wp\/v2\/media\/4202"}],"wp:attachment":[{"href":"https:\/\/zha.pt\/index.php\/wp-json\/wp\/v2\/media?parent=4229"}],"wp:term":[{"taxonomy":"category","embeddable":true,"href":"https:\/\/zha.pt\/index.php\/wp-json\/wp\/v2\/categories?post=4229"},{"taxonomy":"post_tag","embeddable":true,"href":"https:\/\/zha.pt\/index.php\/wp-json\/wp\/v2\/tags?post=4229"}],"curies":[{"name":"wp","href":"https:\/\/api.w.org\/{rel}","templated":true}]}}